{"id":118,"date":"2010-05-07T22:13:00","date_gmt":"2010-05-07T20:13:00","guid":{"rendered":"http:\/\/www.marusca.ro\/dev\/mtbtours\/blog\/?p=118"},"modified":"2011-05-25T12:22:25","modified_gmt":"2011-05-25T09:22:25","slug":"pe-varful-cindrel","status":"publish","type":"post","link":"https:\/\/www.mtbtours.ro\/ro\/recky-rides\/pe-varful-cindrel\/","title":{"rendered":"Pe v\u00e2rful Cindrel"},"content":{"rendered":"<p><\/p>\n<p style=\"text-align: left;\"><img loading=\"lazy\" decoding=\"async\" class=\"ngg-singlepic ngg-left alignleft\" style=\"margin-right: 10px;\" src=\"http:\/\/www.mtbtours.ro\/wp-content\/gallery\/cindrel\/IMG_5591.jpg\" alt=\"IMG_5591\" width=\"500\" height=\"333\" \/><\/p>\n<p>Niste imagini dintr-o tura in Cindrel, cu Mihai si Christi. In 2008.   Ne-am propus s\u0103 ajungem chiar pe v\u0103rful Cindrel venind dinspre P\u0103ltini\u015f  pe creast\u0103 \u015fi s\u0103 cobor\u00e2m apoi spre Subdu\u015fi. Am reu\u015fit, dar nu \u015ftiu c\u00e2t  de repede vom repeta experien\u0163a. P\u00e2n\u0103 pe v\u00e2rf este \u201dciclabil\u201d. De acolo  la vale, spre Subdu\u015fi, a fost cam mult de mers pe l\u00e2ng\u0103. De frumos a  fost frumos, \u00eens\u0103. Dup\u0103 cum se poate vedea \u00een imaginile de mai jos.<\/p>\n<p>ngg_shortcode_1_placeholder<\/p>","protected":false},"excerpt":{"rendered":"<p>Niste imagini dintr-o tura in Cindrel, cu Mihai si Christi. In 2008. Ne-am propus s\u0103 ajungem chiar pe v\u0103rful Cindrel venind dinspre P\u0103ltini\u015f pe creast\u0103 \u015fi s\u0103 cobor\u00e2m apoi spre Subdu\u015fi. Am reu\u015fit, dar nu \u015ftiu c\u00e2t de repede vom repeta experien\u0163a. P\u00e2n\u0103 pe v\u00e2rf este \u201dciclabil\u201d. De acolo la vale, spre Subdu\u015fi, a fost&#8230;  <a class=\"excerpt-read-more\" href=\"https:\/\/www.mtbtours.ro\/ro\/recky-rides\/pe-varful-cindrel\/\" title=\"Read Pe v\u00e2rful Cindrel\">Cite\u0219te mai mult &raquo;<\/a><\/p>\n","protected":false},"author":4,"featured_media":0,"comment_status":"open","ping_status":"open","sticky":false,"template":"","format":"standard","meta":{"_acf_changed":false,"ngg_post_thumbnail":0,"footnotes":""},"categories":[4],"tags":[67,90,25,38,28,75,53],"class_list":["post-118","post","type-post","status-publish","format-standard","hentry","category-recky-rides","tag-cindrel","tag-foto","tag-marginimea-sibiului","tag-mountain-biking","tag-mountainbiking","tag-mtbtours","tag-romania"],"acf":[],"_links":{"self":[{"href":"https:\/\/www.mtbtours.ro\/ro\/wp-json\/wp\/v2\/posts\/118","targetHints":{"allow":["GET"]}}],"collection":[{"href":"https:\/\/www.mtbtours.ro\/ro\/wp-json\/wp\/v2\/posts"}],"about":[{"href":"https:\/\/www.mtbtours.ro\/ro\/wp-json\/wp\/v2\/types\/post"}],"author":[{"embeddable":true,"href":"https:\/\/www.mtbtours.ro\/ro\/wp-json\/wp\/v2\/users\/4"}],"replies":[{"embeddable":true,"href":"https:\/\/www.mtbtours.ro\/ro\/wp-json\/wp\/v2\/comments?post=118"}],"version-history":[{"count":0,"href":"https:\/\/www.mtbtours.ro\/ro\/wp-json\/wp\/v2\/posts\/118\/revisions"}],"wp:attachment":[{"href":"https:\/\/www.mtbtours.ro\/ro\/wp-json\/wp\/v2\/media?parent=118"}],"wp:term":[{"taxonomy":"category","embeddable":true,"href":"https:\/\/www.mtbtours.ro\/ro\/wp-json\/wp\/v2\/categories?post=118"},{"taxonomy":"post_tag","embeddable":true,"href":"https:\/\/www.mtbtours.ro\/ro\/wp-json\/wp\/v2\/tags?post=118"}],"curies":[{"name":"wp","href":"https:\/\/api.w.org\/{rel}","templated":true}]}}