{"id":1231,"date":"2011-07-28T10:43:48","date_gmt":"2011-07-28T07:43:48","guid":{"rendered":"http:\/\/www.marusca.ro\/dev\/mtbtours\/?p=1231"},"modified":"2011-08-04T16:02:00","modified_gmt":"2011-08-04T13:02:00","slug":"antrenamente-pentru-ibo-2011","status":"publish","type":"post","link":"https:\/\/www.mtbtours.ro\/ro\/recky-rides\/antrenamente-pentru-ibo-2011\/","title":{"rendered":"Antrenamente pentru IBO 2011"},"content":{"rendered":"<p class=\"qtranxs-available-languages-message qtranxs-available-languages-message-ro\">Acest con\u021binut este disponibil doar \u00een <a href=\"https:\/\/www.mtbtours.ro\/en\/wp-json\/wp\/v2\/posts\/1231\" class=\"qtranxs-available-language-link qtranxs-available-language-link-en\" title=\"English\">English<\/a>.<\/p>","protected":false},"excerpt":{"rendered":"<p>\u201dLa c\u00e2t ai tras cu bicicleta aia, dac\u0103 \u00ee\u0163i d\u0103deam o coas\u0103 \u015fi m\u0103 ajutai aici, nu era mai bine?&#8221; Omul \u00ee\u015fi ascu\u0163ea coasa \u00eentr-o ograd\u0103 la marginea satului M\u0103gura, pe l\u00e2ng\u0103 drumul de c\u0103ru\u0163\u0103 ce urc\u0103 din Moeciu de Jos.Era o dup\u0103-amiaz\u0103 cald\u0103, \u00een jurul lui brazde lungi de iarba luceau proasp\u0103t lucrate, \u00een&#8230;  <a class=\"excerpt-read-more\" href=\"https:\/\/www.mtbtours.ro\/ro\/recky-rides\/antrenamente-pentru-ibo-2011\/\" title=\"Read Antrenamente pentru IBO 2011\">Cite\u0219te mai mult &raquo;<\/a><\/p>\n","protected":false},"author":4,"featured_media":0,"comment_status":"open","ping_status":"open","sticky":false,"template":"","format":"standard","meta":{"_acf_changed":false,"ngg_post_thumbnail":0,"footnotes":""},"categories":[4],"tags":[14,19,39,8,74,10,85,38,28,27,75,105,52,13,11,9,17,53,103,12,16],"class_list":["post-1231","post","type-post","status-publish","format-standard","hentry","category-recky-rides","tag-balaban","tag-bike","tag-bucegi","tag-cheile-rasnoavei","tag-cross-country","tag-diham","tag-mihai-de-media","tag-mountain-biking","tag-mountainbiking","tag-mtb","tag-mtbtours","tag-panorame","tag-piatra-craiului","tag-poarta","tag-poiana-izvoarelor","tag-poiana-secuilor","tag-predeal","tag-romania","tag-single-trail","tag-sohodol","tag-zarnesti"],"acf":[],"_links":{"self":[{"href":"https:\/\/www.mtbtours.ro\/ro\/wp-json\/wp\/v2\/posts\/1231","targetHints":{"allow":["GET"]}}],"collection":[{"href":"https:\/\/www.mtbtours.ro\/ro\/wp-json\/wp\/v2\/posts"}],"about":[{"href":"https:\/\/www.mtbtours.ro\/ro\/wp-json\/wp\/v2\/types\/post"}],"author":[{"embeddable":true,"href":"https:\/\/www.mtbtours.ro\/ro\/wp-json\/wp\/v2\/users\/4"}],"replies":[{"embeddable":true,"href":"https:\/\/www.mtbtours.ro\/ro\/wp-json\/wp\/v2\/comments?post=1231"}],"version-history":[{"count":0,"href":"https:\/\/www.mtbtours.ro\/ro\/wp-json\/wp\/v2\/posts\/1231\/revisions"}],"wp:attachment":[{"href":"https:\/\/www.mtbtours.ro\/ro\/wp-json\/wp\/v2\/media?parent=1231"}],"wp:term":[{"taxonomy":"category","embeddable":true,"href":"https:\/\/www.mtbtours.ro\/ro\/wp-json\/wp\/v2\/categories?post=1231"},{"taxonomy":"post_tag","embeddable":true,"href":"https:\/\/www.mtbtours.ro\/ro\/wp-json\/wp\/v2\/tags?post=1231"}],"curies":[{"name":"wp","href":"https:\/\/api.w.org\/{rel}","templated":true}]}}