{"id":12339,"date":"2019-11-13T18:44:21","date_gmt":"2019-11-13T16:44:21","guid":{"rendered":"https:\/\/www.mtbtours.ro\/en\/?p=12339"},"modified":"2022-03-25T10:01:06","modified_gmt":"2022-03-25T08:01:06","slug":"the-trails-at-barcaciu","status":"publish","type":"post","link":"https:\/\/www.mtbtours.ro\/ro\/recky-rides\/the-trails-at-barcaciu\/","title":{"rendered":"Pe c\u0103r\u0103rile de la B\u0103rcaciu"},"content":{"rendered":"<p>Am bifat \u00eentr-un minunat weekend de octombrie 2019 o tur\u0103 ce ne st\u0103tea pe creier de ani de zile. C\u0103r\u0103rile de la B\u00e2rcaciu, \u00een Mun\u021bii F\u0103g\u0103ra\u0219.<\/p>\n<p>S\u00eentem musafiri frecven\u021bi ai familiei Petre, ajungem pe la Cabana B\u00e2rcaciu destul de des \u00een turele de drume\u021bie sau schi de tur\u0103 (detalii pe www.mountainguide.ro). Cu bicicleta e mai greu, pentru c\u0103 e relativ departe de Bra\u0219ov (unde oferta este prea generoas\u0103). Nici urcarea nu e tocmai cea mai prietenoas\u0103, cu 800 metri diferen\u021b\u0103 de nivel \u00een aproximativ 5 kilometri de c\u0103rare. Problema cea mai mare este, \u00eens\u0103, programul &#8211; pe care, iat\u0103, am reu\u0219it s\u0103-l potrivim \u0219i s\u0103 mergem, \u00een sf\u00e2r\u0219it, cu bicicleta la B\u00e2rcaciu.<\/p>\n<p>\u0218i bine am f\u0103cut. A fost cum ne imaginam, \u0219i \u00eenc\u0103 ceva peste. Ceva mult peste.<\/p>\n<p>Dac\u0103 timpul e pre\u021bios, \u0219i picioarele \u021bin la t\u0103v\u0103leal\u0103, po\u021bi face o tur\u0103 de o zi. Urcare de la Poiana Neam\u021bului, o pauz\u0103 de hidratare \u0219i alimentare la Cabana B\u00e2rcaciu, continuat apoi spre creast\u0103 p\u00e2n\u0103 pe v\u00e2rful Scara, \u0219i \u00eenapoi la vale. Noi recomand\u0103m, \u00eens\u0103, un program de dou\u0103 zile. Anume:<\/p>\n<p>Prima zi am dedicat-o urc\u0103rii la caban\u0103. C\u0103rarea turistic\u0103 de acces dinspre Poiana Neam\u021bului e foarte b\u0103tut\u0103 \u0219i este ciclabil\u0103 100%. Single trail natural cu de toate. Bolovani, pietre, r\u0103d\u0103cini, curbe str\u00e2nse. Am profitat de urcare s\u0103 ne alegem liniile, \u0219i chiar ne-am distrat \u00eencerc\u00e2nd s\u0103 st\u0103m la deal c\u00e2t mai mult pe biciclet\u0103. Am stat mai mult dec\u00e2t speram. Ajun\u0219i la caban\u0103, am l\u0103sat parte din bagaj, ne-am omenit cu bun\u0103t\u0103\u021buri de-ale Coanei Mariana, \u0219i am luat-o la vale pe c\u0103rare. O bucurie, dup\u0103 cum se poate vedea \u0219i din montajul video mai jos. Apoi o nou\u0103 urcare, bine\u00een\u021beles &#8211; n-a zis nimeni c\u0103 e u\u0219or. :).<\/p>\n<div class=\"video-responsive-container\"><iframe loading=\"lazy\" src=\"https:\/\/www.youtube.com\/embed\/8IkA1fdNuCU\" width=\"560\" height=\"315\" frameborder=\"0\" allowfullscreen=\"allowfullscreen\"><\/iframe><\/div>\n<div>&nbsp;<\/div>\n<p>A doua zi am urcat \u00een creast\u0103, pe muchia B\u00e2rcaciu, apoi pe v\u00e2rful Scara. Unde ne-a furat peisajul, vremea bun\u0103, discu\u021biile cu Tudor Oprea &#8211; referin\u021b\u0103 a mountain bikingului din Rom\u00e2nia, pe care avem privilegiul s\u0103-l numim prieten vechi. De aici la vale spre \u0218aua Puha, apoi prin c\u0103ldarea Puha spre muchia B\u00e2rcaciu. Varianta noastr\u0103 de cobor\u00e2t a fost pe vechiul Drum al Tunurilor, care de la intersec\u021bia cu c\u0103rarea turistic\u0103 B\u00e2rcaciu &#8211; Negoiu nu mai este marcat. Super fain, s\u0103lbatic, dar nu recomand\u0103m aventurarea pe aici f\u0103r\u0103 ghid sau track gps. Noi am mers pe acolo mul\u021bumit\u0103 lui Tudy, \u0219i tare fain a fost:<\/p>\n<div class=\"video-responsive-container\"><iframe loading=\"lazy\" src=\"https:\/\/www.youtube.com\/embed\/gCfV-FzF1Qo\" width=\"560\" height=\"315\" frameborder=\"0\" allowfullscreen=\"allowfullscreen\"><\/iframe><\/div>\n<div>&nbsp;<\/div>\n<p>Varianta sigur\u0103 este \u00eenapoi la caban\u0103 \u0219i reluat\u0103 c\u0103rarea turistic\u0103 B\u00e2rcaciu &#8211; Poiana Neam\u021bului, care la a doua \u00eencercare va fi \u0219i mai fain\u0103.<\/p>\n<p>Dup\u0103 cum pute\u021bi vedea \u00een film, noi am f\u0103cut urcarea pe Scara urc\u00e2nd matematic pe muchie. E op\u021biunea cea mai rapid\u0103, dar \u0219i cea mai grea. Cu ebike-ul mai complicat, ba chiar de evitat. Dou\u0103j\u2019de kile \u00een spate pe muchia expus\u0103, \u00eenclinat\u0103 \u0219i pietroas\u0103 nu e o idee bun\u0103. Dac\u0103 e s\u0103 plimba\u021bi electronii pe acolo, v\u0103 sugerez s\u0103 continua\u021bi marcajul cruce galben\u0103 spre \u0218aua Puha &#8211; practic urca\u021bi pe unde cobor\u00e2\u021bi.<\/p>\n<p>Cea mai bun\u0103 perioad\u0103 de mers la B\u00e2rcaciu? Sf\u00e2r\u0219it de septembrie, \u00eenceput de octombrie. Vremea e mai stabil\u0103, chiar dac\u0103 ziua nu mai e a\u0219a lung\u0103. S-a mai uscat iarba, se v\u0103d mai bine capcanele din c\u0103rare. S-a uscat \u0219i zmeuri\u0219ul \u0219i muri\u0219ul, iar frunzele c\u0103zute \u00eenc\u0103 nu au \u00eenghi\u021bit c\u0103rarea \u00een zonele mai joase. La \u00eenceputul verii e \u00eenc\u0103 z\u0103pad\u0103 pe creste, iar mai jos situa\u021bia e umed\u0103, deci alunecoas\u0103. Dac\u0103 miza e doar cabana, atunci sezonul de relativ lung: de la \u00eenceput de mai p\u00e2n\u0103 la sf\u00e2r\u0219it de octombrie. Cu mici varia\u021bii, evident, \u0219i verifica\u021bi prognoza meteo \u00eenainte. \u00cen orice caz, ideea e s\u0103 v\u0103 duce\u021bi. :). Merit\u0103.<\/p>","protected":false},"excerpt":{"rendered":"<p>Pu\u021bine locuri \u00een F\u0103g\u0103ra\u0219 s\u00eent bune pentru mountain biking. B\u0103rcaciu este unul dintre ele.<\/p>\n","protected":false},"author":4,"featured_media":12340,"comment_status":"open","ping_status":"open","sticky":false,"template":"","format":"standard","meta":{"_acf_changed":false,"ngg_post_thumbnail":0,"footnotes":""},"categories":[396,184,4,276,44],"tags":[202,339,338,186,185,229,27,335,307,53,340,120,76,134,324,168,225],"class_list":["post-12339","post","type-post","status-publish","format-standard","has-post-thumbnail","hentry","category-carpathian-peaks","category-expert","category-recky-rides","category-short-trips","category-filming","tag-adventure","tag-barcaciu","tag-fagaras","tag-guide","tag-guided","tag-mountains","tag-mtb","tag-peak","tag-riding","tag-romania","tag-scara","tag-single","tag-tour","tag-track","tag-trails","tag-transylvania","tag-weekend"],"acf":[],"_links":{"self":[{"href":"https:\/\/www.mtbtours.ro\/ro\/wp-json\/wp\/v2\/posts\/12339","targetHints":{"allow":["GET"]}}],"collection":[{"href":"https:\/\/www.mtbtours.ro\/ro\/wp-json\/wp\/v2\/posts"}],"about":[{"href":"https:\/\/www.mtbtours.ro\/ro\/wp-json\/wp\/v2\/types\/post"}],"author":[{"embeddable":true,"href":"https:\/\/www.mtbtours.ro\/ro\/wp-json\/wp\/v2\/users\/4"}],"replies":[{"embeddable":true,"href":"https:\/\/www.mtbtours.ro\/ro\/wp-json\/wp\/v2\/comments?post=12339"}],"version-history":[{"count":1,"href":"https:\/\/www.mtbtours.ro\/ro\/wp-json\/wp\/v2\/posts\/12339\/revisions"}],"predecessor-version":[{"id":14171,"href":"https:\/\/www.mtbtours.ro\/ro\/wp-json\/wp\/v2\/posts\/12339\/revisions\/14171"}],"wp:featuredmedia":[{"embeddable":true,"href":"https:\/\/www.mtbtours.ro\/ro\/wp-json\/wp\/v2\/media\/12340"}],"wp:attachment":[{"href":"https:\/\/www.mtbtours.ro\/ro\/wp-json\/wp\/v2\/media?parent=12339"}],"wp:term":[{"taxonomy":"category","embeddable":true,"href":"https:\/\/www.mtbtours.ro\/ro\/wp-json\/wp\/v2\/categories?post=12339"},{"taxonomy":"post_tag","embeddable":true,"href":"https:\/\/www.mtbtours.ro\/ro\/wp-json\/wp\/v2\/tags?post=12339"}],"curies":[{"name":"wp","href":"https:\/\/api.w.org\/{rel}","templated":true}]}}