{"id":1814,"date":"2012-06-21T17:03:49","date_gmt":"2012-06-21T14:03:49","guid":{"rendered":"http:\/\/www.marusca.ro\/dev\/mtbtours\/?p=1814"},"modified":"2016-05-05T09:05:35","modified_gmt":"2016-05-05T06:05:35","slug":"la-vanatoare-de-carari","status":"publish","type":"post","link":"https:\/\/www.mtbtours.ro\/ro\/recky-rides\/la-vanatoare-de-carari\/","title":{"rendered":"La v\u00e2n\u0103toare de c\u0103r\u0103ri"},"content":{"rendered":"<p class=\"qtranxs-available-languages-message qtranxs-available-languages-message-ro\">Acest con\u021binut este disponibil doar \u00een <a href=\"https:\/\/www.mtbtours.ro\/en\/wp-json\/wp\/v2\/posts\/1814\" class=\"qtranxs-available-language-link qtranxs-available-language-link-en\" title=\"English\">English<\/a>.<\/p>","protected":false},"excerpt":{"rendered":"<p>Am avut o lun\u0103 mai foarte ploioas\u0103 \u015fi rece, au stat bicicletele frumos la garaj. De umblat am umblat, \u00eens\u0103, cu picioarele pe potecile din zona Branului, \u00een c\u0103utare de noi rute mtb. Dup\u0103 cum vede\u0163i \u00een continuare, potecile arat\u0103 bine indiferent de vreme, cu sau f\u0103r\u0103 bicicli\u015fti pe ele&#8230; Un mtb-ist german mi-a spus&#8230;  <a class=\"excerpt-read-more\" href=\"https:\/\/www.mtbtours.ro\/ro\/recky-rides\/la-vanatoare-de-carari\/\" title=\"Read La v\u00e2n\u0103toare de c\u0103r\u0103ri\">Cite\u0219te mai mult &raquo;<\/a><\/p>\n","protected":false},"author":4,"featured_media":7937,"comment_status":"open","ping_status":"open","sticky":false,"template":"","format":"standard","meta":{"_acf_changed":false,"ngg_post_thumbnail":0,"footnotes":""},"categories":[4],"tags":[135,90,38,28,75,109,53,104,103,134],"class_list":["post-1814","post","type-post","status-publish","format-standard","has-post-thumbnail","hentry","category-recky-rides","tag-carare","tag-foto","tag-mountain-biking","tag-mountainbiking","tag-mtbtours","tag-photo","tag-romania","tag-single-track","tag-single-trail","tag-track"],"acf":[],"_links":{"self":[{"href":"https:\/\/www.mtbtours.ro\/ro\/wp-json\/wp\/v2\/posts\/1814","targetHints":{"allow":["GET"]}}],"collection":[{"href":"https:\/\/www.mtbtours.ro\/ro\/wp-json\/wp\/v2\/posts"}],"about":[{"href":"https:\/\/www.mtbtours.ro\/ro\/wp-json\/wp\/v2\/types\/post"}],"author":[{"embeddable":true,"href":"https:\/\/www.mtbtours.ro\/ro\/wp-json\/wp\/v2\/users\/4"}],"replies":[{"embeddable":true,"href":"https:\/\/www.mtbtours.ro\/ro\/wp-json\/wp\/v2\/comments?post=1814"}],"version-history":[{"count":0,"href":"https:\/\/www.mtbtours.ro\/ro\/wp-json\/wp\/v2\/posts\/1814\/revisions"}],"wp:featuredmedia":[{"embeddable":true,"href":"https:\/\/www.mtbtours.ro\/ro\/wp-json\/wp\/v2\/media\/7937"}],"wp:attachment":[{"href":"https:\/\/www.mtbtours.ro\/ro\/wp-json\/wp\/v2\/media?parent=1814"}],"wp:term":[{"taxonomy":"category","embeddable":true,"href":"https:\/\/www.mtbtours.ro\/ro\/wp-json\/wp\/v2\/categories?post=1814"},{"taxonomy":"post_tag","embeddable":true,"href":"https:\/\/www.mtbtours.ro\/ro\/wp-json\/wp\/v2\/tags?post=1814"}],"curies":[{"name":"wp","href":"https:\/\/api.w.org\/{rel}","templated":true}]}}