{"id":8001,"date":"2016-06-02T17:16:50","date_gmt":"2016-06-02T14:16:50","guid":{"rendered":"http:\/\/www.mtbtours.ro\/en\/?p=8001"},"modified":"2016-11-10T11:30:37","modified_gmt":"2016-11-10T09:30:37","slug":"paying-it-forward","status":"publish","type":"post","link":"https:\/\/www.mtbtours.ro\/ro\/mediu\/paying-it-forward\/","title":{"rendered":"D\u0103m mai departe"},"content":{"rendered":"<p>Am organizat \u00een prim\u0103vara lui 2016 primele noastre weekenduri de tehnic\u0103 mtb \u0219i experien\u021bele au fost mai mult dec\u00e2t reu\u0219ite. Mihai Constantenec a venit cu metodologie nem\u021beasc\u0103, mai bine zis austriac\u0103 :). Eu am pus osul la treab\u0103 cu sfaturi din experien\u021ba personal\u0103, cu exemple din repertoriul personal (\u0219i la &#8222;a\u0219a DA&#8221;, \u0219i la &#8222;a\u0219a NU&#8221;), sau cu aparatul foto \u00een m\u00e2n\u0103. Dovad\u0103 stau galeriile foto de mai jos.<\/p>\n<p>\u00cen primul weekend au venit p\u0103rin\u021bi cu copii,\u00a0ne-am concentrat mai mult pe exerci\u021bii \u00een poligon, plus o tur\u0103 scurt\u0103 \u0219i intens\u0103 pe muchia Balaban. Soare, voie bun\u0103, o mic\u0103 ploaie spre sear\u0103, c\u00e2t s\u0103 dea bine \u00een poze.<\/p>\nngg_shortcode_2_placeholder\n<p>Al doilea weekend a fost dedicat exclusiv adul\u021bilor, mai precis perechilor.\u00a0Fetele au comb\u0103tut cot la cot cu b\u0103ie\u021bii, la \u00eenceput \u00een setul de exerci\u021bii \u00een poligon preg\u0103tite de Mihai, apoi \u00een turele de pe Balaban \u0219i mai ales din Gu\u021banu.<\/p>\nngg_shortcode_3_placeholder\n<p>Pl\u0103nuim s\u0103 repet\u0103m experien\u021bele c\u00e2t de cur\u00e2nd, cu evenimente pentru toate gusturile \u0219i v\u00e2rstele! Urm\u0103ri\u021bi <a href=\"https:\/\/www.facebook.com\/MountainbikingRomania\/events\" target=\"_blank\">evenimentele <\/a>de pe pagina noastr\u0103 de facebook.<\/p>","protected":false},"excerpt":{"rendered":"<p>Am organizat \u00een prim\u0103vara lui 2016 primele noastre weekenduri de tehnic\u0103 mtb \u0219i experien\u021bele au fost mai mult dec\u00e2t reu\u0219ite. Mihai Constantenec a venit cu metodologie nem\u021beasc\u0103, mai bine zis austriac\u0103 :). Eu am pus osul la treab\u0103 cu sfaturi din experien\u021ba personal\u0103, cu exemple din repertoriul personal (\u0219i la &#8222;a\u0219a DA&#8221;, \u0219i la &#8222;a\u0219a&#8230;  <a class=\"excerpt-read-more\" href=\"https:\/\/www.mtbtours.ro\/ro\/mediu\/paying-it-forward\/\" title=\"Read D\u0103m mai departe\">Cite\u0219te mai mult &raquo;<\/a><\/p>\n","protected":false},"author":4,"featured_media":8085,"comment_status":"open","ping_status":"open","sticky":false,"template":"","format":"standard","meta":{"_acf_changed":false,"ngg_post_thumbnail":0,"footnotes":""},"categories":[182],"tags":[195,197,38,27,164,188,165,187,196,192],"class_list":["post-8001","post","type-post","status-publish","format-standard","has-post-thumbnail","hentry","category-medium","tag-antrenament","tag-coborare","tag-mountain-biking","tag-mtb","tag-pregatire","tag-skills","tag-tehnica","tag-training","tag-urcare","tag-workshop"],"acf":[],"_links":{"self":[{"href":"https:\/\/www.mtbtours.ro\/ro\/wp-json\/wp\/v2\/posts\/8001","targetHints":{"allow":["GET"]}}],"collection":[{"href":"https:\/\/www.mtbtours.ro\/ro\/wp-json\/wp\/v2\/posts"}],"about":[{"href":"https:\/\/www.mtbtours.ro\/ro\/wp-json\/wp\/v2\/types\/post"}],"author":[{"embeddable":true,"href":"https:\/\/www.mtbtours.ro\/ro\/wp-json\/wp\/v2\/users\/4"}],"replies":[{"embeddable":true,"href":"https:\/\/www.mtbtours.ro\/ro\/wp-json\/wp\/v2\/comments?post=8001"}],"version-history":[{"count":0,"href":"https:\/\/www.mtbtours.ro\/ro\/wp-json\/wp\/v2\/posts\/8001\/revisions"}],"wp:featuredmedia":[{"embeddable":true,"href":"https:\/\/www.mtbtours.ro\/ro\/wp-json\/wp\/v2\/media\/8085"}],"wp:attachment":[{"href":"https:\/\/www.mtbtours.ro\/ro\/wp-json\/wp\/v2\/media?parent=8001"}],"wp:term":[{"taxonomy":"category","embeddable":true,"href":"https:\/\/www.mtbtours.ro\/ro\/wp-json\/wp\/v2\/categories?post=8001"},{"taxonomy":"post_tag","embeddable":true,"href":"https:\/\/www.mtbtours.ro\/ro\/wp-json\/wp\/v2\/tags?post=8001"}],"curies":[{"name":"wp","href":"https:\/\/api.w.org\/{rel}","templated":true}]}}